{"id":6986,"date":"2022-06-27T09:48:32","date_gmt":"2022-06-27T07:48:32","guid":{"rendered":"https:\/\/www.vds-getriebe.at\/vdshtml\/?p=6986"},"modified":"2022-06-27T10:02:33","modified_gmt":"2022-06-27T08:02:33","slug":"ifat-2022-muenchen-leitmesse-fuer-umwelttechnologien","status":"publish","type":"post","link":"https:\/\/www.vds-getriebe.at\/vdshtml\/ifat-2022-muenchen-leitmesse-fuer-umwelttechnologien\/","title":{"rendered":"IFAT 2022 M\u00fcnchen \u2013 Leitmesse f\u00fcr Umwelttechnologien"},"content":{"rendered":"\n[et_pb_section fb_built=&#8220;1&#8243; _builder_version=&#8220;4.0.10&#8243;][et_pb_row _builder_version=&#8220;4.0.10&#8243;][et_pb_column type=&#8220;4_4&#8243; _builder_version=&#8220;4.0.10&#8243;][et_pb_text _builder_version=&#8220;4.8.2&#8243; _module_preset=&#8220;default&#8220; hover_enabled=&#8220;0&#8243; sticky_enabled=&#8220;0&#8243;]<p>VDS Getriebe und Antriebssysteme in Maschinen und Fahrzeugen<\/p>\n<p>Endlich, nach l\u00e4ngerer CORONA-bedingter Durststrecke, konnte diesmal die IFAT, die Leitmesse f\u00fcr Umwelttechnologien, in M\u00fcnchen stattfinden.<\/p>\n<p>In Reinigungsfahrzeugen zeigt die Tendenz eindeutig in Richtung rein elektrisch angetriebener Fahrzeuge, wann immer es um leistungsintensive Anwendungen (wie zum Beispiel Schneer\u00e4umen oder Schneefr\u00e4sen) geht, ist auch in absehbarer Zukunft der Verbrennungsmotor nicht wegzudenken.<\/p>\n<p>Sowohl f\u00fcr Elektrofahrzeuge, als auch f\u00fcr leistungsstarke Kommunalfahrzeuge hat VDS die passenden Antriebssysteme zu bieten. So konnten das Reinigungsfahrzeug Bucher City Cat V20e mit einem elektrischen Achsantrieb, als auch der System &amp; Ger\u00e4tetr\u00e4ger SynTrac und das Kommunalfahrzeug K-Trac von Pfanzelt mit ma\u00dfgeschneiderten Stufenlosgetrieben von VDS pr\u00e4sentiert werden.<\/p>[\/et_pb_text][\/et_pb_column][\/et_pb_row][\/et_pb_section][et_pb_section fb_built=&#8220;1&#8243; _builder_version=&#8220;4.8.2&#8243; _module_preset=&#8220;default&#8220; custom_padding=&#8220;||0px|||&#8220;][et_pb_row _builder_version=&#8220;4.8.2&#8243; _module_preset=&#8220;default&#8220; column_structure=&#8220;1_3,1_3,1_3&#8243;][et_pb_column _builder_version=&#8220;4.8.2&#8243; _module_preset=&#8220;default&#8220; type=&#8220;1_3&#8243;][et_pb_image src=&#8220;https:\/\/www.vds-getriebe.at\/vdshtml\/wp-content\/uploads\/2022\/06\/Bucher_CityCat_V20e_IFAT_2022_Muenchen_VDS_Getriebe.jpg&#8220; _builder_version=&#8220;4.8.2&#8243; _module_preset=&#8220;default&#8220; alt=&#8220;Bucher CityCat V20e&#8220; title_text=&#8220;Bucher_CityCat_V20e_IFAT_2022_Muenchen_VDS_Getriebe&#8220; hover_enabled=&#8220;0&#8243; sticky_enabled=&#8220;0&#8243;][\/et_pb_image][\/et_pb_column][et_pb_column _builder_version=&#8220;4.8.2&#8243; _module_preset=&#8220;default&#8220; type=&#8220;1_3&#8243;][et_pb_image src=&#8220;https:\/\/www.vds-getriebe.at\/vdshtml\/wp-content\/uploads\/2022\/06\/SynTrac_IFAT_2022_Muenchen_VDS_Getriebe.jpg&#8220; _builder_version=&#8220;4.8.2&#8243; _module_preset=&#8220;default&#8220; alt=&#8220;SynTrac System &#038; Ger\u00e4tetr\u00e4ger&#8220; title_text=&#8220;SynTrac_IFAT_2022_Muenchen_VDS_Getriebe&#8220; hover_enabled=&#8220;0&#8243; sticky_enabled=&#8220;0&#8243;][\/et_pb_image][\/et_pb_column][et_pb_column _builder_version=&#8220;4.8.2&#8243; _module_preset=&#8220;default&#8220; type=&#8220;1_3&#8243;][et_pb_image src=&#8220;https:\/\/www.vds-getriebe.at\/vdshtml\/wp-content\/uploads\/2022\/06\/Pfanzelt-K-Trac_IFAT_2022_Muenchen_VDS_Getriebe-1.jpg&#8220; _builder_version=&#8220;4.8.2&#8243; _module_preset=&#8220;default&#8220; alt=&#8220;Pfanzelt K-Trac&#8220; title_text=&#8220;Pfanzelt-K-Trac_IFAT_2022_Muenchen_VDS_Getriebe&#8220; hover_enabled=&#8220;0&#8243; sticky_enabled=&#8220;0&#8243;][\/et_pb_image][\/et_pb_column][\/et_pb_row][\/et_pb_section][et_pb_section fb_built=&#8220;1&#8243; _builder_version=&#8220;4.8.2&#8243; _module_preset=&#8220;default&#8220; custom_padding=&#8220;0px|||||&#8220;][et_pb_row _builder_version=&#8220;4.8.2&#8243; _module_preset=&#8220;default&#8220;][et_pb_column _builder_version=&#8220;4.8.2&#8243; _module_preset=&#8220;default&#8220; type=&#8220;4_4&#8243;][et_pb_text _builder_version=&#8220;4.8.2&#8243; _module_preset=&#8220;default&#8220; hover_enabled=&#8220;0&#8243; sticky_enabled=&#8220;0&#8243;]<p>Die Mitarbeiter\/innen von VDS freuen sich und sind stolz auf die erfolgreiche Zusammenarbeit.<\/p>[\/et_pb_text][\/et_pb_column][\/et_pb_row][\/et_pb_section]\n","protected":false},"excerpt":{"rendered":"<p>VDS Getriebe und Antriebssysteme in Maschinen und Fahrzeugen Endlich, nach l\u00e4ngerer CORONA-bedingter Durststrecke, konnte diesmal die IFAT, die Leitmesse f\u00fcr Umwelttechnologien, in M\u00fcnchen stattfinden. In Reinigungsfahrzeugen zeigt die Tendenz eindeutig in Richtung rein elektrisch angetriebener Fahrzeuge, wann immer es um leistungsintensive Anwendungen (wie zum Beispiel Schneer\u00e4umen oder Schneefr\u00e4sen) geht, ist auch in absehbarer Zukunft der Verbrennungsmotor nicht wegzudenken. Sowohl f\u00fcr Elektrofahrzeuge, als auch f\u00fcr leistungsstarke Kommunalfahrzeuge hat VDS die passenden Antriebssysteme zu bieten. So konnten das Reinigungsfahrzeug Bucher City Cat V20e mit einem elektrischen Achsantrieb, als auch der System &amp; Ger\u00e4tetr\u00e4ger SynTrac und das Kommunalfahrzeug K-Trac von Pfanzelt mit ma\u00dfgeschneiderten Stufenlosgetrieben von VDS pr\u00e4sentiert werden.Die Mitarbeiter\/innen von VDS freuen sich und sind stolz auf die erfolgreiche Zusammenarbeit.<\/p>\n","protected":false},"author":5,"featured_media":6987,"comment_status":"closed","ping_status":"closed","sticky":false,"template":"","format":"standard","meta":{"_et_pb_use_builder":"on","_et_pb_old_content":"<!-- wp:divi\/placeholder \/-->","_et_gb_content_width":"","footnotes":""},"categories":[1],"tags":[],"class_list":["post-6986","post","type-post","status-publish","format-standard","has-post-thumbnail","hentry","category-news"],"_links":{"self":[{"href":"https:\/\/www.vds-getriebe.at\/vdshtml\/wp-json\/wp\/v2\/posts\/6986","targetHints":{"allow":["GET"]}}],"collection":[{"href":"https:\/\/www.vds-getriebe.at\/vdshtml\/wp-json\/wp\/v2\/posts"}],"about":[{"href":"https:\/\/www.vds-getriebe.at\/vdshtml\/wp-json\/wp\/v2\/types\/post"}],"author":[{"embeddable":true,"href":"https:\/\/www.vds-getriebe.at\/vdshtml\/wp-json\/wp\/v2\/users\/5"}],"replies":[{"embeddable":true,"href":"https:\/\/www.vds-getriebe.at\/vdshtml\/wp-json\/wp\/v2\/comments?post=6986"}],"version-history":[{"count":8,"href":"https:\/\/www.vds-getriebe.at\/vdshtml\/wp-json\/wp\/v2\/posts\/6986\/revisions"}],"predecessor-version":[{"id":7006,"href":"https:\/\/www.vds-getriebe.at\/vdshtml\/wp-json\/wp\/v2\/posts\/6986\/revisions\/7006"}],"wp:featuredmedia":[{"embeddable":true,"href":"https:\/\/www.vds-getriebe.at\/vdshtml\/wp-json\/wp\/v2\/media\/6987"}],"wp:attachment":[{"href":"https:\/\/www.vds-getriebe.at\/vdshtml\/wp-json\/wp\/v2\/media?parent=6986"}],"wp:term":[{"taxonomy":"category","embeddable":true,"href":"https:\/\/www.vds-getriebe.at\/vdshtml\/wp-json\/wp\/v2\/categories?post=6986"},{"taxonomy":"post_tag","embeddable":true,"href":"https:\/\/www.vds-getriebe.at\/vdshtml\/wp-json\/wp\/v2\/tags?post=6986"}],"curies":[{"name":"wp","href":"https:\/\/api.w.org\/{rel}","templated":true}]}}