{"id":7439,"date":"2023-12-21T16:45:00","date_gmt":"2023-12-21T15:45:00","guid":{"rendered":"https:\/\/www.vds-getriebe.at\/vdshtml\/?p=7439"},"modified":"2023-12-21T16:26:44","modified_gmt":"2023-12-21T15:26:44","slug":"neuer-weltrekord","status":"publish","type":"post","link":"https:\/\/www.vds-getriebe.at\/vdshtml\/neuer-weltrekord\/","title":{"rendered":"Neuer Weltrekord"},"content":{"rendered":"<p>[et_pb_section fb_built=&#8220;1&#8243; _builder_version=&#8220;4.23.1&#8243; _module_preset=&#8220;default&#8220; global_colors_info=&#8220;{}&#8220;][et_pb_row _builder_version=&#8220;4.23.1&#8243; _module_preset=&#8220;default&#8220; global_colors_info=&#8220;{}&#8220;][et_pb_column type=&#8220;4_4&#8243; _builder_version=&#8220;4.23.1&#8243; _module_preset=&#8220;default&#8220; global_colors_info=&#8220;{}&#8220;][et_pb_text _builder_version=&#8220;4.23.1&#8243; _module_preset=&#8220;default&#8220; global_colors_info=&#8220;{}&#8220;]<\/p>\n<p><strong>Liebe Gesch\u00e4ftspartner der VDS Getriebe GmbH,<\/strong><\/p>\n<p>das<strong> Peak Evolution Team<\/strong> hat tats\u00e4chlich einen neuen Weltrekord f\u00fcr rein elektrisch angetriebene Fahrzeuge erreicht und eine H\u00f6he von <strong>6500 Metern erreicht<\/strong>. Am 3. Dezember 2023 wurde diese H\u00f6he am erloschenen Vulkan Ojos del Salado in Chile mit einem speziell ausger\u00fcsteten Fahrzeug, einem <strong>AEBI VT450 Vario<\/strong> mit einem elektrischen stufenlosen Getriebe, erreicht.<\/p>\n<p><em><strong>Wir sind stolz darauf, zu diesem bemerkenswerten Erfolg beigetragen zu haben.<\/strong> <\/em>Das Antriebssystem, bestehend aus einem angepassten VTP450 Getriebe mit zwei Elektromotoren, sowie die Getriebe- und Fahrzeugsteuerung wurden in enger Zusammenarbeit ma\u00dfgeschneidert, um den spezifischen Anforderungen des Terren-Fahrzeugs gerecht zu werden. Wir freuen uns und sind erleichtert, dass sich dieses Antriebssystem auch unter extremen Betriebsbedingungen hervorragend bew\u00e4hrt hat.<\/p>\n<p><strong>Herzlichen Gl\u00fcckwunsch zu dieser au\u00dfergew\u00f6hnlichen Leistung, und wir w\u00fcnschen Ihnen eine sichere R\u00fcckreise.<\/strong><\/p>\n<p><em><strong>Mit freundlichen Gr\u00fc\u00dfen,<\/strong><\/em><br \/><em><strong>das Team der VDS Getriebe GmbH<\/strong><\/em><\/p>\n<p>[\/et_pb_text][\/et_pb_column][\/et_pb_row][\/et_pb_section][et_pb_section fb_built=&#8220;1&#8243; _builder_version=&#8220;4.23.1&#8243; _module_preset=&#8220;default&#8220; global_colors_info=&#8220;{}&#8220;][et_pb_row column_structure=&#8220;1_3,1_3,1_3&#8243; _builder_version=&#8220;4.23.1&#8243; _module_preset=&#8220;default&#8220; global_colors_info=&#8220;{}&#8220;][et_pb_column type=&#8220;1_3&#8243; _builder_version=&#8220;4.23.1&#8243; _module_preset=&#8220;default&#8220; global_colors_info=&#8220;{}&#8220;][et_pb_image src=&#8220;https:\/\/www.vds-getriebe.at\/vdshtml\/wp-content\/uploads\/2023\/12\/23_20231203_CreditClaudioVonPlanta-At-6510m-final-record-location-David-Proschel-behind-the-wheel-Patrik-and-David-Koller-in-front.jpg&#8220; title_text=&#8220;23_20231203_CreditClaudioVonPlanta-At-6510m-final-record-location&#8212;David-Proschel-behind-the-wheel,-Patrik-and-David-Koller-in-front&#8220; _builder_version=&#8220;4.23.1&#8243; _module_preset=&#8220;default&#8220; global_colors_info=&#8220;{}&#8220;][\/et_pb_image][\/et_pb_column][et_pb_column type=&#8220;1_3&#8243; _builder_version=&#8220;4.23.1&#8243; _module_preset=&#8220;default&#8220; global_colors_info=&#8220;{}&#8220;][et_pb_image src=&#8220;https:\/\/www.vds-getriebe.at\/vdshtml\/wp-content\/uploads\/2023\/12\/2_20231129_CreditClaudioVonPlanta_Peak-Evolution-team-at-base-camp-4700m-from-left-von-Planta-Plocinska-Balzarini-Proschel-D-Koller-P-Koller.jpg&#8220; title_text=&#8220;2_20231129_CreditClaudioVonPlanta_Peak-Evolution-team-at-base-camp-4700m&#8212;from-left-von-Planta,-Plocinska,-Balzarini,-Proschel,-D-Koller,-P-Koller&#8220; _builder_version=&#8220;4.23.1&#8243; _module_preset=&#8220;default&#8220; global_colors_info=&#8220;{}&#8220;][\/et_pb_image][\/et_pb_column][et_pb_column type=&#8220;1_3&#8243; _builder_version=&#8220;4.23.1&#8243; _module_preset=&#8220;default&#8220; global_colors_info=&#8220;{}&#8220;][et_pb_image src=&#8220;https:\/\/www.vds-getriebe.at\/vdshtml\/wp-content\/uploads\/2023\/12\/8_20231201_CreditSidarioBalzarini-Dave-Koller-in-the-window-on-the-way-to-next-base-camp.jpg&#8220; title_text=&#8220;8_20231201_CreditSidarioBalzarini-Dave-Koller-in-the-window-on-the-way-to-next-base-camp&#8220; _builder_version=&#8220;4.23.1&#8243; _module_preset=&#8220;default&#8220; global_colors_info=&#8220;{}&#8220;][\/et_pb_image][\/et_pb_column][\/et_pb_row][et_pb_row _builder_version=&#8220;4.23.1&#8243; _module_preset=&#8220;default&#8220; global_colors_info=&#8220;{}&#8220;][et_pb_column type=&#8220;4_4&#8243; _builder_version=&#8220;4.23.1&#8243; _module_preset=&#8220;default&#8220; global_colors_info=&#8220;{}&#8220;][et_pb_image src=&#8220;https:\/\/www.vds-getriebe.at\/vdshtml\/wp-content\/uploads\/2023\/12\/1_20231129_CreditAnnaPlocinska_Terren-driving-in-the-direction-of-Ojos-del-Salado.jpg&#8220; title_text=&#8220;1_20231129_CreditAnnaPlocinska_Terren-driving-in-the-direction-of-Ojos-del-Salado&#8220; _builder_version=&#8220;4.23.1&#8243; _module_preset=&#8220;default&#8220; global_colors_info=&#8220;{}&#8220;][\/et_pb_image][\/et_pb_column][\/et_pb_row][\/et_pb_section][et_pb_section fb_built=&#8220;1&#8243; _builder_version=&#8220;4.23.1&#8243; _module_preset=&#8220;default&#8220; global_colors_info=&#8220;{}&#8220;][et_pb_row _builder_version=&#8220;4.23.1&#8243; _module_preset=&#8220;default&#8220; global_colors_info=&#8220;{}&#8220;][et_pb_column type=&#8220;4_4&#8243; _builder_version=&#8220;4.23.1&#8243; _module_preset=&#8220;default&#8220; global_colors_info=&#8220;{}&#8220;][et_pb_text _builder_version=&#8220;4.23.1&#8243; _module_preset=&#8220;default&#8220; text_font_size=&#8220;11px&#8220; hover_enabled=&#8220;0&#8243; global_colors_info=&#8220;{}&#8220; sticky_enabled=&#8220;0&#8243;]<\/p>\n<p><strong>Fotocredit:<\/strong><\/p>\n<p>&nbsp;<\/p>\n<p>1_CreditClaudioVonPlanta-Three founders at the record location &#8211; left David Koller, driver David Proschel, right Patrik Koller<br \/>2_CreditClaudioVonPlanta-At 6510m final record location &#8211; David Proschel behind the wheel, Patrik and David Koller in front<br \/>3_CreditClaudioVonPlanta_Peak Evolution team at base camp 4700m &#8211; from left von Planta, Plocinska, Balzarini, Proschel, D Koller, P Koller<br \/>4_CreditSidarioBalzarini-Dave Koller in the window on the way to next base camp<br \/>5_CreditAnnaPlocinska_Terren driving in the direction of Ojos del Salado<\/p>\n<p>[\/et_pb_text][\/et_pb_column][\/et_pb_row][\/et_pb_section]<\/p>\n","protected":false},"excerpt":{"rendered":"<p>Liebe Gesch\u00e4ftspartner der VDS Getriebe GmbH, das Peak Evolution Team hat tats\u00e4chlich einen neuen Weltrekord f\u00fcr rein elektrisch angetriebene Fahrzeuge erreicht und eine H\u00f6he von 6500 Metern erreicht. Am 3. Dezember 2023 wurde diese H\u00f6he am erloschenen Vulkan Ojos del Salado in Chile mit einem speziell ausger\u00fcsteten Fahrzeug, einem AEBI VT450 Vario mit einem elektrischen stufenlosen Getriebe, erreicht. Wir sind stolz darauf, zu diesem bemerkenswerten Erfolg beigetragen zu haben. Das Antriebssystem, bestehend aus einem angepassten VTP450 Getriebe mit zwei Elektromotoren, sowie die Getriebe- und Fahrzeugsteuerung wurden in enger Zusammenarbeit ma\u00dfgeschneidert, um den spezifischen Anforderungen des Terren-Fahrzeugs gerecht zu werden. Wir freuen uns und sind erleichtert, dass sich dieses Antriebssystem auch unter extremen Betriebsbedingungen hervorragend bew\u00e4hrt hat. Herzlichen Gl\u00fcckwunsch zu dieser au\u00dfergew\u00f6hnlichen Leistung, und wir w\u00fcnschen Ihnen eine sichere R\u00fcckreise. Mit freundlichen Gr\u00fc\u00dfen,das Team der VDS Getriebe GmbHFotocredit: &nbsp; 1_CreditClaudioVonPlanta-Three founders at the record location &#8211; left David Koller, driver David Proschel, right Patrik Koller2_CreditClaudioVonPlanta-At 6510m final record location &#8211; David Proschel behind the wheel, Patrik and David Koller in front3_CreditClaudioVonPlanta_Peak Evolution team at base camp 4700m &#8211; from left von Planta, Plocinska, Balzarini, Proschel, D Koller, P Koller4_CreditSidarioBalzarini-Dave Koller in the window on the way to next base camp5_CreditAnnaPlocinska_Terren driving [&hellip;]<\/p>\n","protected":false},"author":5,"featured_media":7457,"comment_status":"closed","ping_status":"closed","sticky":false,"template":"","format":"standard","meta":{"_et_pb_use_builder":"on","_et_pb_old_content":"<!-- wp:divi\/placeholder \/-->","_et_gb_content_width":"","footnotes":""},"categories":[1],"tags":[],"class_list":["post-7439","post","type-post","status-publish","format-standard","has-post-thumbnail","hentry","category-news"],"_links":{"self":[{"href":"https:\/\/www.vds-getriebe.at\/vdshtml\/wp-json\/wp\/v2\/posts\/7439","targetHints":{"allow":["GET"]}}],"collection":[{"href":"https:\/\/www.vds-getriebe.at\/vdshtml\/wp-json\/wp\/v2\/posts"}],"about":[{"href":"https:\/\/www.vds-getriebe.at\/vdshtml\/wp-json\/wp\/v2\/types\/post"}],"author":[{"embeddable":true,"href":"https:\/\/www.vds-getriebe.at\/vdshtml\/wp-json\/wp\/v2\/users\/5"}],"replies":[{"embeddable":true,"href":"https:\/\/www.vds-getriebe.at\/vdshtml\/wp-json\/wp\/v2\/comments?post=7439"}],"version-history":[{"count":16,"href":"https:\/\/www.vds-getriebe.at\/vdshtml\/wp-json\/wp\/v2\/posts\/7439\/revisions"}],"predecessor-version":[{"id":7465,"href":"https:\/\/www.vds-getriebe.at\/vdshtml\/wp-json\/wp\/v2\/posts\/7439\/revisions\/7465"}],"wp:featuredmedia":[{"embeddable":true,"href":"https:\/\/www.vds-getriebe.at\/vdshtml\/wp-json\/wp\/v2\/media\/7457"}],"wp:attachment":[{"href":"https:\/\/www.vds-getriebe.at\/vdshtml\/wp-json\/wp\/v2\/media?parent=7439"}],"wp:term":[{"taxonomy":"category","embeddable":true,"href":"https:\/\/www.vds-getriebe.at\/vdshtml\/wp-json\/wp\/v2\/categories?post=7439"},{"taxonomy":"post_tag","embeddable":true,"href":"https:\/\/www.vds-getriebe.at\/vdshtml\/wp-json\/wp\/v2\/tags?post=7439"}],"curies":[{"name":"wp","href":"https:\/\/api.w.org\/{rel}","templated":true}]}}